{"id":106,"date":"2020-03-24T21:30:02","date_gmt":"2020-03-24T20:30:02","guid":{"rendered":"http:\/\/mcproprete.com\/?p=106"},"modified":"2020-04-07T18:00:02","modified_gmt":"2020-04-07T16:00:02","slug":"lavage-vitrerie-et-verandas","status":"publish","type":"post","link":"https:\/\/mcproprete.com\/index.php\/2020\/03\/24\/lavage-vitrerie-et-verandas\/","title":{"rendered":"Lavage vitrerie et v\u00e9randas"},"content":{"rendered":"\n<p>MC Propret\u00e9 vous propose l&rsquo;<strong>entretien r\u00e9gulier ou ponctuel de vos vitres<\/strong>, <strong>fen\u00eatres, vitrines, v\u00e9randas ou verri\u00e8res.<\/strong> M\u00eame pour de grandes surfaces ou des <strong>endroits difficiles d&rsquo;acc\u00e8s<\/strong> nous saurons vous apporter un <strong>r\u00e9sultat propre et sans trace<\/strong>. <\/p>\n\n\n\n<p>Soucieux de vos apporter  un <strong>nettoyage respectueux de l&rsquo;environnement <\/strong>nous utilisons principalement de l&rsquo;<strong>eau claire et des produits non corrosifs et non polluant.<\/strong> <\/p>\n\n\n\n<h3>Demandez votre devis<\/h3>\n\n\n\n<p class=\"has-background has-white-background-color\">.<\/p>\n<div class=\"wpforms-container wpforms-container-full\" id=\"wpforms-50\"><form id=\"wpforms-form-50\" class=\"wpforms-validate wpforms-form\" data-formid=\"50\" method=\"post\" enctype=\"multipart\/form-data\" action=\"\/index.php\/wp-json\/wp\/v2\/posts\/106\" data-token=\"a38be7656b8860ba242b5d1840b50c02\"><noscript class=\"wpforms-error-noscript\">Veuillez activer JavaScript dans votre navigateur pour remplir ce formulaire.<\/noscript><div class=\"wpforms-field-container\"><div id=\"wpforms-50-field_0-container\" class=\"wpforms-field wpforms-field-name wpforms-one-half wpforms-first\" data-field-id=\"0\"><label class=\"wpforms-field-label wpforms-label-hide\" for=\"wpforms-50-field_0\">Nom <span class=\"wpforms-required-label\">*<\/span><\/label><input type=\"text\" id=\"wpforms-50-field_0\" class=\"wpforms-field-large wpforms-field-required\" name=\"wpforms[fields][0]\" placeholder=\"Votre Nom\" required><\/div><div id=\"wpforms-50-field_3-container\" class=\"wpforms-field wpforms-field-email wpforms-one-half\" data-field-id=\"3\"><label class=\"wpforms-field-label wpforms-label-hide\" for=\"wpforms-50-field_3\">Email <span class=\"wpforms-required-label\">*<\/span><\/label><input type=\"email\" id=\"wpforms-50-field_3\" class=\"wpforms-field-large wpforms-field-required\" name=\"wpforms[fields][3]\" placeholder=\"Votre Email\" required><\/div><div id=\"wpforms-50-field_5-container\" class=\"wpforms-field wpforms-field-text\" data-field-id=\"5\"><label class=\"wpforms-field-label wpforms-label-hide\" for=\"wpforms-50-field_5\">T\u00e9l\u00e9phone<\/label><input type=\"text\" id=\"wpforms-50-field_5\" class=\"wpforms-field-medium\" name=\"wpforms[fields][5]\" placeholder=\"Num\u00e9ro de t\u00e9l\u00e9phone\" ><\/div><div id=\"wpforms-50-field_7-container\" class=\"wpforms-field wpforms-field-text\" data-field-id=\"7\"><label class=\"wpforms-field-label wpforms-label-hide\" for=\"wpforms-50-field_7\">Commune d&#039;intervention <span class=\"wpforms-required-label\">*<\/span><\/label><input type=\"text\" id=\"wpforms-50-field_7\" class=\"wpforms-field-medium wpforms-field-required\" name=\"wpforms[fields][7]\" placeholder=\"Commune d&#039;intervention\" required><\/div><div id=\"wpforms-50-field_4-container\" class=\"wpforms-field wpforms-field-text\" data-field-id=\"4\"><label class=\"wpforms-field-label wpforms-label-hide\" for=\"wpforms-50-field_4\">Prestation <span class=\"wpforms-required-label\">*<\/span><\/label><input type=\"text\" id=\"wpforms-50-field_4\" class=\"wpforms-field-large wpforms-field-required\" name=\"wpforms[fields][4]\" placeholder=\"Prestation demand\u00e9e\" required><\/div><div id=\"wpforms-50-field_2-container\" class=\"wpforms-field wpforms-field-textarea\" data-field-id=\"2\"><label class=\"wpforms-field-label wpforms-label-hide\" for=\"wpforms-50-field_2\">Message <span class=\"wpforms-required-label\">*<\/span><\/label><textarea id=\"wpforms-50-field_2\" class=\"wpforms-field-medium wpforms-field-required\" name=\"wpforms[fields][2]\" placeholder=\"Votre message\" required><\/textarea><\/div><\/div><div class=\"wpforms-field wpforms-field-hp\"><label for=\"wpforms-50-field-hp\" class=\"wpforms-field-label\">Email<\/label><input type=\"text\" name=\"wpforms[hp]\" id=\"wpforms-50-field-hp\" class=\"wpforms-field-medium\"><\/div><div class=\"wpforms-submit-container\"><input type=\"hidden\" name=\"wpforms[id]\" value=\"50\"><input type=\"hidden\" name=\"wpforms[author]\" value=\"1\"><button type=\"submit\" name=\"wpforms[submit]\" id=\"wpforms-submit-50\" class=\"wpforms-submit\" data-alt-text=\"En cours d&#039;envoi...\" data-submit-text=\"Demandez votre devis\" aria-live=\"assertive\" value=\"wpforms-submit\">Demandez votre devis<\/button><\/div><\/form><\/div>  <!-- .wpforms-container -->\n","protected":false},"excerpt":{"rendered":"<p>MC Propret\u00e9 vous propose l&rsquo;entretien r\u00e9gulier ou ponctuel de vos vitres, fen\u00eatres, vitrines, v\u00e9randas ou verri\u00e8res. M\u00eame pour de grandes surfaces ou des endroits difficiles d&rsquo;acc\u00e8s nous saurons vous apporter un r\u00e9sultat propre et sans trace. Soucieux de vos apporter un nettoyage respectueux de l&rsquo;environnement nous utilisons principalement de l&rsquo;eau [&hellip;]<\/p>\n","protected":false},"author":1,"featured_media":172,"comment_status":"closed","ping_status":"closed","sticky":true,"template":"","format":"standard","meta":[],"categories":[4],"tags":[],"yoast_head":"<!-- This site is optimized with the Yoast SEO plugin v18.1 - https:\/\/yoast.com\/wordpress\/plugins\/seo\/ -->\n<title>Lavage vitrerie et v\u00e9randas - ENTREPRISE DE NETTOYAGE QUIMPER<\/title>\n<meta name=\"robots\" content=\"index, follow, max-snippet:-1, max-image-preview:large, max-video-preview:-1\" \/>\n<link rel=\"canonical\" href=\"http:\/\/mcproprete.com\/index.php\/2020\/03\/24\/lavage-vitrerie-et-verandas\/\" \/>\n<meta property=\"og:locale\" content=\"fr_FR\" \/>\n<meta property=\"og:type\" content=\"article\" \/>\n<meta property=\"og:title\" content=\"Lavage vitrerie et v\u00e9randas - ENTREPRISE DE NETTOYAGE QUIMPER\" \/>\n<meta property=\"og:description\" content=\"MC Propret\u00e9 vous propose l&rsquo;entretien r\u00e9gulier ou ponctuel de vos vitres, fen\u00eatres, vitrines, v\u00e9randas ou verri\u00e8res. M\u00eame pour de grandes surfaces ou des endroits difficiles d&rsquo;acc\u00e8s nous saurons vous apporter un r\u00e9sultat propre et sans trace. Soucieux de vos apporter un nettoyage respectueux de l&rsquo;environnement nous utilisons principalement de l&rsquo;eau [&hellip;]\" \/>\n<meta property=\"og:url\" content=\"http:\/\/mcproprete.com\/index.php\/2020\/03\/24\/lavage-vitrerie-et-verandas\/\" \/>\n<meta property=\"og:site_name\" content=\"ENTREPRISE DE NETTOYAGE QUIMPER\" \/>\n<meta property=\"article:published_time\" content=\"2020-03-24T20:30:02+00:00\" \/>\n<meta property=\"article:modified_time\" content=\"2020-04-07T16:00:02+00:00\" \/>\n<meta property=\"og:image\" content=\"http:\/\/mcproprete.com\/wp-content\/uploads\/2020\/03\/Vitrerie-quimper.jpg\" \/>\n\t<meta property=\"og:image:width\" content=\"1023\" \/>\n\t<meta property=\"og:image:height\" content=\"768\" \/>\n\t<meta property=\"og:image:type\" content=\"image\/jpeg\" \/>\n<meta name=\"twitter:card\" content=\"summary_large_image\" \/>\n<meta name=\"twitter:label1\" content=\"\u00c9crit par\" \/>\n\t<meta name=\"twitter:data1\" content=\"MC Propret\u00e9\" \/>\n<script type=\"application\/ld+json\" class=\"yoast-schema-graph\">{\"@context\":\"https:\/\/schema.org\",\"@graph\":[{\"@type\":\"Organization\",\"@id\":\"http:\/\/mcproprete.com\/#organization\",\"name\":\"MC Propret\u00e9\",\"url\":\"http:\/\/mcproprete.com\/\",\"sameAs\":[],\"logo\":{\"@type\":\"ImageObject\",\"@id\":\"http:\/\/mcproprete.com\/#logo\",\"inLanguage\":\"fr-FR\",\"url\":\"http:\/\/mcproprete.com\/wp-content\/uploads\/2020\/03\/Logo-MC-Proprete-V1-112-75-scaled-e1584903000674.jpg\",\"contentUrl\":\"http:\/\/mcproprete.com\/wp-content\/uploads\/2020\/03\/Logo-MC-Proprete-V1-112-75-scaled-e1584903000674.jpg\",\"width\":1300,\"height\":607,\"caption\":\"MC Propret\u00e9\"},\"image\":{\"@id\":\"http:\/\/mcproprete.com\/#logo\"}},{\"@type\":\"WebSite\",\"@id\":\"http:\/\/mcproprete.com\/#website\",\"url\":\"http:\/\/mcproprete.com\/\",\"name\":\"ENTREPRISE DE NETTOYAGE QUIMPER\",\"description\":\"MC Propret\u00e9 votre sp\u00e9cialiste nettoyage sur Quimper\",\"publisher\":{\"@id\":\"http:\/\/mcproprete.com\/#organization\"},\"potentialAction\":[{\"@type\":\"SearchAction\",\"target\":{\"@type\":\"EntryPoint\",\"urlTemplate\":\"http:\/\/mcproprete.com\/?s={search_term_string}\"},\"query-input\":\"required name=search_term_string\"}],\"inLanguage\":\"fr-FR\"},{\"@type\":\"ImageObject\",\"@id\":\"http:\/\/mcproprete.com\/index.php\/2020\/03\/24\/lavage-vitrerie-et-verandas\/#primaryimage\",\"inLanguage\":\"fr-FR\",\"url\":\"https:\/\/mcproprete.com\/wp-content\/uploads\/2020\/03\/Vitrerie-quimper.jpg\",\"contentUrl\":\"https:\/\/mcproprete.com\/wp-content\/uploads\/2020\/03\/Vitrerie-quimper.jpg\",\"width\":1023,\"height\":768},{\"@type\":\"WebPage\",\"@id\":\"http:\/\/mcproprete.com\/index.php\/2020\/03\/24\/lavage-vitrerie-et-verandas\/#webpage\",\"url\":\"http:\/\/mcproprete.com\/index.php\/2020\/03\/24\/lavage-vitrerie-et-verandas\/\",\"name\":\"Lavage vitrerie et v\u00e9randas - ENTREPRISE DE NETTOYAGE QUIMPER\",\"isPartOf\":{\"@id\":\"http:\/\/mcproprete.com\/#website\"},\"primaryImageOfPage\":{\"@id\":\"http:\/\/mcproprete.com\/index.php\/2020\/03\/24\/lavage-vitrerie-et-verandas\/#primaryimage\"},\"datePublished\":\"2020-03-24T20:30:02+00:00\",\"dateModified\":\"2020-04-07T16:00:02+00:00\",\"breadcrumb\":{\"@id\":\"http:\/\/mcproprete.com\/index.php\/2020\/03\/24\/lavage-vitrerie-et-verandas\/#breadcrumb\"},\"inLanguage\":\"fr-FR\",\"potentialAction\":[{\"@type\":\"ReadAction\",\"target\":[\"http:\/\/mcproprete.com\/index.php\/2020\/03\/24\/lavage-vitrerie-et-verandas\/\"]}]},{\"@type\":\"BreadcrumbList\",\"@id\":\"http:\/\/mcproprete.com\/index.php\/2020\/03\/24\/lavage-vitrerie-et-verandas\/#breadcrumb\",\"itemListElement\":[{\"@type\":\"ListItem\",\"position\":1,\"name\":\"Accueil\",\"item\":\"http:\/\/mcproprete.com\/\"},{\"@type\":\"ListItem\",\"position\":2,\"name\":\"Lavage vitrerie et v\u00e9randas\"}]},{\"@type\":\"Article\",\"@id\":\"http:\/\/mcproprete.com\/index.php\/2020\/03\/24\/lavage-vitrerie-et-verandas\/#article\",\"isPartOf\":{\"@id\":\"http:\/\/mcproprete.com\/index.php\/2020\/03\/24\/lavage-vitrerie-et-verandas\/#webpage\"},\"author\":{\"@id\":\"http:\/\/mcproprete.com\/#\/schema\/person\/cde3d5803aac5d9029409c1e03f9b3bc\"},\"headline\":\"Lavage vitrerie et v\u00e9randas\",\"datePublished\":\"2020-03-24T20:30:02+00:00\",\"dateModified\":\"2020-04-07T16:00:02+00:00\",\"mainEntityOfPage\":{\"@id\":\"http:\/\/mcproprete.com\/index.php\/2020\/03\/24\/lavage-vitrerie-et-verandas\/#webpage\"},\"wordCount\":80,\"publisher\":{\"@id\":\"http:\/\/mcproprete.com\/#organization\"},\"image\":{\"@id\":\"http:\/\/mcproprete.com\/index.php\/2020\/03\/24\/lavage-vitrerie-et-verandas\/#primaryimage\"},\"thumbnailUrl\":\"https:\/\/mcproprete.com\/wp-content\/uploads\/2020\/03\/Vitrerie-quimper.jpg\",\"articleSection\":[\"Nettoyage fen\u00eatres Quimper\"],\"inLanguage\":\"fr-FR\"},{\"@type\":\"Person\",\"@id\":\"http:\/\/mcproprete.com\/#\/schema\/person\/cde3d5803aac5d9029409c1e03f9b3bc\",\"name\":\"MC Propret\u00e9\",\"image\":{\"@type\":\"ImageObject\",\"@id\":\"http:\/\/mcproprete.com\/#personlogo\",\"inLanguage\":\"fr-FR\",\"url\":\"https:\/\/secure.gravatar.com\/avatar\/72d430f94124bdb6a440c42db1b3b5c0?s=96&d=mm&r=g\",\"contentUrl\":\"https:\/\/secure.gravatar.com\/avatar\/72d430f94124bdb6a440c42db1b3b5c0?s=96&d=mm&r=g\",\"caption\":\"MC Propret\u00e9\"}}]}<\/script>\n<!-- \/ Yoast SEO plugin. -->","yoast_head_json":{"title":"Lavage vitrerie et v\u00e9randas - ENTREPRISE DE NETTOYAGE QUIMPER","robots":{"index":"index","follow":"follow","max-snippet":"max-snippet:-1","max-image-preview":"max-image-preview:large","max-video-preview":"max-video-preview:-1"},"canonical":"http:\/\/mcproprete.com\/index.php\/2020\/03\/24\/lavage-vitrerie-et-verandas\/","og_locale":"fr_FR","og_type":"article","og_title":"Lavage vitrerie et v\u00e9randas - ENTREPRISE DE NETTOYAGE QUIMPER","og_description":"MC Propret\u00e9 vous propose l&rsquo;entretien r\u00e9gulier ou ponctuel de vos vitres, fen\u00eatres, vitrines, v\u00e9randas ou verri\u00e8res. M\u00eame pour de grandes surfaces ou des endroits difficiles d&rsquo;acc\u00e8s nous saurons vous apporter un r\u00e9sultat propre et sans trace. Soucieux de vos apporter un nettoyage respectueux de l&rsquo;environnement nous utilisons principalement de l&rsquo;eau [&hellip;]","og_url":"http:\/\/mcproprete.com\/index.php\/2020\/03\/24\/lavage-vitrerie-et-verandas\/","og_site_name":"ENTREPRISE DE NETTOYAGE QUIMPER","article_published_time":"2020-03-24T20:30:02+00:00","article_modified_time":"2020-04-07T16:00:02+00:00","og_image":[{"width":1023,"height":768,"url":"http:\/\/mcproprete.com\/wp-content\/uploads\/2020\/03\/Vitrerie-quimper.jpg","type":"image\/jpeg"}],"twitter_card":"summary_large_image","twitter_misc":{"\u00c9crit par":"MC Propret\u00e9"},"schema":{"@context":"https:\/\/schema.org","@graph":[{"@type":"Organization","@id":"http:\/\/mcproprete.com\/#organization","name":"MC Propret\u00e9","url":"http:\/\/mcproprete.com\/","sameAs":[],"logo":{"@type":"ImageObject","@id":"http:\/\/mcproprete.com\/#logo","inLanguage":"fr-FR","url":"http:\/\/mcproprete.com\/wp-content\/uploads\/2020\/03\/Logo-MC-Proprete-V1-112-75-scaled-e1584903000674.jpg","contentUrl":"http:\/\/mcproprete.com\/wp-content\/uploads\/2020\/03\/Logo-MC-Proprete-V1-112-75-scaled-e1584903000674.jpg","width":1300,"height":607,"caption":"MC Propret\u00e9"},"image":{"@id":"http:\/\/mcproprete.com\/#logo"}},{"@type":"WebSite","@id":"http:\/\/mcproprete.com\/#website","url":"http:\/\/mcproprete.com\/","name":"ENTREPRISE DE NETTOYAGE QUIMPER","description":"MC Propret\u00e9 votre sp\u00e9cialiste nettoyage sur Quimper","publisher":{"@id":"http:\/\/mcproprete.com\/#organization"},"potentialAction":[{"@type":"SearchAction","target":{"@type":"EntryPoint","urlTemplate":"http:\/\/mcproprete.com\/?s={search_term_string}"},"query-input":"required name=search_term_string"}],"inLanguage":"fr-FR"},{"@type":"ImageObject","@id":"http:\/\/mcproprete.com\/index.php\/2020\/03\/24\/lavage-vitrerie-et-verandas\/#primaryimage","inLanguage":"fr-FR","url":"https:\/\/mcproprete.com\/wp-content\/uploads\/2020\/03\/Vitrerie-quimper.jpg","contentUrl":"https:\/\/mcproprete.com\/wp-content\/uploads\/2020\/03\/Vitrerie-quimper.jpg","width":1023,"height":768},{"@type":"WebPage","@id":"http:\/\/mcproprete.com\/index.php\/2020\/03\/24\/lavage-vitrerie-et-verandas\/#webpage","url":"http:\/\/mcproprete.com\/index.php\/2020\/03\/24\/lavage-vitrerie-et-verandas\/","name":"Lavage vitrerie et v\u00e9randas - ENTREPRISE DE NETTOYAGE QUIMPER","isPartOf":{"@id":"http:\/\/mcproprete.com\/#website"},"primaryImageOfPage":{"@id":"http:\/\/mcproprete.com\/index.php\/2020\/03\/24\/lavage-vitrerie-et-verandas\/#primaryimage"},"datePublished":"2020-03-24T20:30:02+00:00","dateModified":"2020-04-07T16:00:02+00:00","breadcrumb":{"@id":"http:\/\/mcproprete.com\/index.php\/2020\/03\/24\/lavage-vitrerie-et-verandas\/#breadcrumb"},"inLanguage":"fr-FR","potentialAction":[{"@type":"ReadAction","target":["http:\/\/mcproprete.com\/index.php\/2020\/03\/24\/lavage-vitrerie-et-verandas\/"]}]},{"@type":"BreadcrumbList","@id":"http:\/\/mcproprete.com\/index.php\/2020\/03\/24\/lavage-vitrerie-et-verandas\/#breadcrumb","itemListElement":[{"@type":"ListItem","position":1,"name":"Accueil","item":"http:\/\/mcproprete.com\/"},{"@type":"ListItem","position":2,"name":"Lavage vitrerie et v\u00e9randas"}]},{"@type":"Article","@id":"http:\/\/mcproprete.com\/index.php\/2020\/03\/24\/lavage-vitrerie-et-verandas\/#article","isPartOf":{"@id":"http:\/\/mcproprete.com\/index.php\/2020\/03\/24\/lavage-vitrerie-et-verandas\/#webpage"},"author":{"@id":"http:\/\/mcproprete.com\/#\/schema\/person\/cde3d5803aac5d9029409c1e03f9b3bc"},"headline":"Lavage vitrerie et v\u00e9randas","datePublished":"2020-03-24T20:30:02+00:00","dateModified":"2020-04-07T16:00:02+00:00","mainEntityOfPage":{"@id":"http:\/\/mcproprete.com\/index.php\/2020\/03\/24\/lavage-vitrerie-et-verandas\/#webpage"},"wordCount":80,"publisher":{"@id":"http:\/\/mcproprete.com\/#organization"},"image":{"@id":"http:\/\/mcproprete.com\/index.php\/2020\/03\/24\/lavage-vitrerie-et-verandas\/#primaryimage"},"thumbnailUrl":"https:\/\/mcproprete.com\/wp-content\/uploads\/2020\/03\/Vitrerie-quimper.jpg","articleSection":["Nettoyage fen\u00eatres Quimper"],"inLanguage":"fr-FR"},{"@type":"Person","@id":"http:\/\/mcproprete.com\/#\/schema\/person\/cde3d5803aac5d9029409c1e03f9b3bc","name":"MC Propret\u00e9","image":{"@type":"ImageObject","@id":"http:\/\/mcproprete.com\/#personlogo","inLanguage":"fr-FR","url":"https:\/\/secure.gravatar.com\/avatar\/72d430f94124bdb6a440c42db1b3b5c0?s=96&d=mm&r=g","contentUrl":"https:\/\/secure.gravatar.com\/avatar\/72d430f94124bdb6a440c42db1b3b5c0?s=96&d=mm&r=g","caption":"MC Propret\u00e9"}}]}},"_links":{"self":[{"href":"https:\/\/mcproprete.com\/index.php\/wp-json\/wp\/v2\/posts\/106"}],"collection":[{"href":"https:\/\/mcproprete.com\/index.php\/wp-json\/wp\/v2\/posts"}],"about":[{"href":"https:\/\/mcproprete.com\/index.php\/wp-json\/wp\/v2\/types\/post"}],"author":[{"embeddable":true,"href":"https:\/\/mcproprete.com\/index.php\/wp-json\/wp\/v2\/users\/1"}],"replies":[{"embeddable":true,"href":"https:\/\/mcproprete.com\/index.php\/wp-json\/wp\/v2\/comments?post=106"}],"version-history":[{"count":4,"href":"https:\/\/mcproprete.com\/index.php\/wp-json\/wp\/v2\/posts\/106\/revisions"}],"predecessor-version":[{"id":216,"href":"https:\/\/mcproprete.com\/index.php\/wp-json\/wp\/v2\/posts\/106\/revisions\/216"}],"wp:featuredmedia":[{"embeddable":true,"href":"https:\/\/mcproprete.com\/index.php\/wp-json\/wp\/v2\/media\/172"}],"wp:attachment":[{"href":"https:\/\/mcproprete.com\/index.php\/wp-json\/wp\/v2\/media?parent=106"}],"wp:term":[{"taxonomy":"category","embeddable":true,"href":"https:\/\/mcproprete.com\/index.php\/wp-json\/wp\/v2\/categories?post=106"},{"taxonomy":"post_tag","embeddable":true,"href":"https:\/\/mcproprete.com\/index.php\/wp-json\/wp\/v2\/tags?post=106"}],"curies":[{"name":"wp","href":"https:\/\/api.w.org\/{rel}","templated":true}]}}